{"id":3582,"date":"2024-02-13T12:01:48","date_gmt":"2024-02-13T12:01:48","guid":{"rendered":"https:\/\/cantineredauno.it\/?p=3582"},"modified":"2024-02-13T12:01:48","modified_gmt":"2024-02-13T12:01:48","slug":"cantine-re-dauno-partecipa-al-progetto-gal-daunia-rurale-2020","status":"publish","type":"post","link":"https:\/\/cantineredauno.it\/en\/cantine-re-dauno-partecipa-al-progetto-gal-daunia-rurale-2020\/","title":{"rendered":"Cantine Re Dauno partecipa al progetto GAL DAUNIA RURALE 2020"},"content":{"rendered":"<div class=\"wpb-content-wrapper\"><div class=\"vc_row wpb_row vc_row-fluid\">\n\t\t\t\t<div class=\"container\">\n\t\t\t\t\t<div class=\"wpb_animate_when_almost_visible wpb_fadeInUp fadeInUp wpb_column vc_column_container vc_col-sm-12\"><div class=\"vc_column-inner\"><div class=\"wpb_wrapper\">\n\t<div class=\"wpb_text_column wpb_content_element\" >\n\t\t<div class=\"wpb_wrapper\">\n\t\t\t<p class=\"p1\">Siamo lieti di comunicare che CANTINE RE DAUNO \u00e8 parte di un ambizioso progetto avviato dal GAL DAUNIA RURALE 2020, ente capofila del progetto che intende qualificare l\u2019intero comparto agroalimentare dell\u2019Alto Tavoliere e che ha come obiettivo finale il riconoscimento di un Distretto produttivo agro-alimentare <span class=\"s1\">ai sensi della Legge Regionale n.23 del 03.08.2007 della Regione Puglia.<\/span><\/p>\n<p class=\"p2\">I Distretti del Cibo costituiscono un nuovo modello di sviluppo per l\u2019agroalimentare italiano, fornendo nuove opportunit\u00e0 per la crescita e il rilancio delle filiere e dei territori, uno strumento strategico mirato a favorire lo sviluppo territoriale, la coesione e l\u2019inclusione sociale<span class=\"s2\">\u00a0<\/span><\/p>\n<p class=\"p1\">Il 01 Marzo 2021 \u00e8 stata inoltrata in Regione Puglia la candidatura del\u00a0<span class=\"s3\"><b>Distretto del Cibo della Daunia Rurale<\/b><\/span>. Un progetto ambizioso che ha raccolto l\u2019adesione di\u00a0<span class=\"s3\"><b>83 soggetti di cui 69 imprese<\/b><\/span>, tra cui prevalgono quelle agricole (coltivazione di cereali, uva e olio) e quelle di trasformazione agroalimentare (vino e spumante, olio, conserve, pasta, ortaggi, insaccati e carni),\u00a0<span class=\"s3\"><b>e 14 attori istituzionali e sociali<\/b><\/span>.<\/p>\n<p class=\"p1\">\u201c<i>Siamo molto contenti della fiducia ricevuta \u2013\u00a0<\/i><span class=\"s3\"><b><i>spiega la Presidente Paki Attanasio<\/i><\/b><\/span><i>\u2013 che ci auguriamo continui ad esserci anche nei prossimi step che ci vedranno lavorare fianco a fianco.\u00a0 I tempi sono stati serrati, ma nonostante questo la risposta \u00e8 stata sorprendente. Non \u00e8 facile mettere insieme 83 realt\u00e0 di un territorio complesso come il nostro. Eppure aziende, associazioni ed istituzioni di vario livello ci hanno creduto, partecipando attivamente ad un percorso che ci ha messo pi\u00f9 volte a confronto, creando un clima di entusiasmo e sinergia.\u00a0 Mai come in questo momento storico occorre investire in fiducia e coraggio, fattori indispensabili per costruire un futuro di rinascita che vedr\u00e0 protagonisti i nostri figli. In questa fase di transizione \u00e8 doveroso essere pronti, coesi e compatti per cogliere tutte le opportunit\u00e0 che ci vengono offerte\u2019.<\/i><\/p>\n<p class=\"p1\">La proposta del Distretto parte dalla considerazione che l\u2019Alto Tavoliere, dalla forte vocazione agricola, necessiti di un nuovo modello di sviluppo territoriale che facendo leva sulla coesione e l\u2019inclusione sociale, elementi di forte criticit\u00e0, sia in grado di agire da volano per lo sviluppo dell\u2019intero territorio.<\/p>\n<p class=\"p1\">\u201c<i>Ci auguriamo che il nostro Distretto si aggiunga presto agli altri gi\u00e0 riconosciuti dalla Regione Puglia, ai sensi della legge del n.23 del 3 agosto 2007, aggiunge\u00a0<\/i><span class=\"s3\"><b><i>il direttore del GAL Daunia Rurale 2020 Dante de Lallo<\/i><\/b><\/span><i>. Entro un mese la Regione si pronuncer\u00e0 sull\u2019ammissibilit\u00e0 della proposta e in caso di esito positivo l\u2019aggregazione di imprese lavorer\u00e0 alla redazione del piano operativo. Soltanto l\u2019approvazione finale sancir\u00e0 dunque la nascita di un nuovo distretto del comparto agroalimentare, principale obiettivo strategico del GAL. Se la Regione dovesse dare il via libera, la stessa provveder\u00e0, a chiusura dell\u2019iter procedurale, ad iscrivere il nuovo organismo nel registro nazionale dei distretti del cibo, ai sensi della legge n. 205 del 27 dicembre 2017, obiettivo principale e finale dell\u2019operazione.\u201d<\/i><\/p>\n\n\t\t<\/div>\n\t<\/div>\n<\/div><\/div><\/div>\n\t\t\t\t<\/div>\n\t\t\t<\/div><div class=\"vc_row wpb_row vc_row-fluid\">\n\t\t\t\t<div class=\"container\">\n\t\t\t\t\t<div class=\"wpb_animate_when_almost_visible wpb_fadeInUp fadeInUp wpb_column vc_column_container vc_col-sm-12\"><div class=\"vc_column-inner\"><div class=\"wpb_wrapper\"><div class=\"vc_empty_space\"   style=\"height: 50px\"><span class=\"vc_empty_space_inner\"><\/span><\/div><div class=\"vc_empty_space\"   style=\"height: 50px\"><span class=\"vc_empty_space_inner\"><\/span><\/div><\/div><\/div><\/div>\n\t\t\t\t<\/div>\n\t\t\t<\/div>\n<\/div>","protected":false},"excerpt":{"rendered":"Siamo lieti di comunicare che CANTINE RE DAUNO \u00e8 parte di un ambizioso progetto avviato dal GAL DAUNIA RURALE 2020, ente capofila del progetto che intende qualificare l\u2019intero comparto agroalimentare dell\u2019Alto Tavoliere e che ha come obiettivo finale il riconoscimento di un Distretto produttivo agro-alimentare ai sensi della Legge Regionale n.23 del 03.08.2007 della Regione [...]","protected":false},"author":1,"featured_media":3126,"comment_status":"closed","ping_status":"closed","sticky":false,"template":"","format":"standard","meta":{"footnotes":""},"categories":[105],"tags":[],"class_list":["post-3582","post","type-post","status-publish","format-standard","has-post-thumbnail","hentry","category-dicono-di-noi"],"yoast_head":"<!-- This site is optimized with the Yoast SEO Premium plugin v25.0 (Yoast SEO v25.4) - https:\/\/yoast.com\/wordpress\/plugins\/seo\/ -->\n<title>Cantine Re Dauno partecipa al progetto GAL DAUNIA RURALE 2020 - Re Dauno Winery<\/title>\n<meta name=\"robots\" content=\"index, follow, max-snippet:-1, max-image-preview:large, max-video-preview:-1\" \/>\n<link rel=\"canonical\" href=\"https:\/\/cantineredauno.it\/en\/cantine-re-dauno-partecipa-al-progetto-gal-daunia-rurale-2020\/\" \/>\n<meta property=\"og:locale\" content=\"en_GB\" \/>\n<meta property=\"og:type\" content=\"article\" \/>\n<meta property=\"og:title\" content=\"Cantine Re Dauno partecipa al progetto GAL DAUNIA RURALE 2020\" \/>\n<meta property=\"og:url\" content=\"https:\/\/cantineredauno.it\/en\/cantine-re-dauno-partecipa-al-progetto-gal-daunia-rurale-2020\/\" \/>\n<meta property=\"og:site_name\" content=\"Re Dauno Winery\" \/>\n<meta property=\"article:publisher\" content=\"https:\/\/www.facebook.com\/CANTINEREDAUNO\" \/>\n<meta property=\"article:published_time\" content=\"2024-02-13T12:01:48+00:00\" \/>\n<meta property=\"og:image\" content=\"https:\/\/cantineredauno.it\/wp-content\/uploads\/2021\/03\/PHOTO-2021-03-24-19-23-42-e1616678548857.jpg\" \/>\n\t<meta property=\"og:image:width\" content=\"650\" \/>\n\t<meta property=\"og:image:height\" content=\"704\" \/>\n\t<meta property=\"og:image:type\" content=\"image\/jpeg\" \/>\n<meta name=\"author\" content=\"admin\" \/>\n<meta name=\"twitter:card\" content=\"summary_large_image\" \/>\n<meta name=\"twitter:label1\" content=\"Written by\" \/>\n\t<meta name=\"twitter:data1\" content=\"admin\" \/>\n\t<meta name=\"twitter:label2\" content=\"Estimated reading time\" \/>\n\t<meta name=\"twitter:data2\" content=\"3 minutes\" \/>\n<script type=\"application\/ld+json\" class=\"yoast-schema-graph\">{\"@context\":\"https:\/\/schema.org\",\"@graph\":[{\"@type\":\"Article\",\"@id\":\"https:\/\/cantineredauno.it\/en\/cantine-re-dauno-partecipa-al-progetto-gal-daunia-rurale-2020\/#article\",\"isPartOf\":{\"@id\":\"https:\/\/cantineredauno.it\/en\/cantine-re-dauno-partecipa-al-progetto-gal-daunia-rurale-2020\/\"},\"author\":{\"name\":\"admin\",\"@id\":\"https:\/\/cantineredauno.it\/en\/#\/schema\/person\/0d9f81fe1e96602da34f5a080e475d29\"},\"headline\":\"Cantine Re Dauno partecipa al progetto GAL DAUNIA RURALE 2020\",\"datePublished\":\"2024-02-13T12:01:48+00:00\",\"mainEntityOfPage\":{\"@id\":\"https:\/\/cantineredauno.it\/en\/cantine-re-dauno-partecipa-al-progetto-gal-daunia-rurale-2020\/\"},\"wordCount\":505,\"publisher\":{\"@id\":\"https:\/\/cantineredauno.it\/en\/#organization\"},\"image\":{\"@id\":\"https:\/\/cantineredauno.it\/en\/cantine-re-dauno-partecipa-al-progetto-gal-daunia-rurale-2020\/#primaryimage\"},\"thumbnailUrl\":\"https:\/\/cantineredauno.it\/wp-content\/uploads\/2021\/03\/PHOTO-2021-03-24-19-23-42-e1616678548857.jpg\",\"articleSection\":[\"ABOUT US\"],\"inLanguage\":\"en-GB\"},{\"@type\":\"WebPage\",\"@id\":\"https:\/\/cantineredauno.it\/en\/cantine-re-dauno-partecipa-al-progetto-gal-daunia-rurale-2020\/\",\"url\":\"https:\/\/cantineredauno.it\/en\/cantine-re-dauno-partecipa-al-progetto-gal-daunia-rurale-2020\/\",\"name\":\"Cantine Re Dauno partecipa al progetto GAL DAUNIA RURALE 2020 - Re Dauno Winery\",\"isPartOf\":{\"@id\":\"https:\/\/cantineredauno.it\/en\/#website\"},\"primaryImageOfPage\":{\"@id\":\"https:\/\/cantineredauno.it\/en\/cantine-re-dauno-partecipa-al-progetto-gal-daunia-rurale-2020\/#primaryimage\"},\"image\":{\"@id\":\"https:\/\/cantineredauno.it\/en\/cantine-re-dauno-partecipa-al-progetto-gal-daunia-rurale-2020\/#primaryimage\"},\"thumbnailUrl\":\"https:\/\/cantineredauno.it\/wp-content\/uploads\/2021\/03\/PHOTO-2021-03-24-19-23-42-e1616678548857.jpg\",\"datePublished\":\"2024-02-13T12:01:48+00:00\",\"breadcrumb\":{\"@id\":\"https:\/\/cantineredauno.it\/en\/cantine-re-dauno-partecipa-al-progetto-gal-daunia-rurale-2020\/#breadcrumb\"},\"inLanguage\":\"en-GB\",\"potentialAction\":[{\"@type\":\"ReadAction\",\"target\":[\"https:\/\/cantineredauno.it\/en\/cantine-re-dauno-partecipa-al-progetto-gal-daunia-rurale-2020\/\"]}]},{\"@type\":\"ImageObject\",\"inLanguage\":\"en-GB\",\"@id\":\"https:\/\/cantineredauno.it\/en\/cantine-re-dauno-partecipa-al-progetto-gal-daunia-rurale-2020\/#primaryimage\",\"url\":\"https:\/\/cantineredauno.it\/wp-content\/uploads\/2021\/03\/PHOTO-2021-03-24-19-23-42-e1616678548857.jpg\",\"contentUrl\":\"https:\/\/cantineredauno.it\/wp-content\/uploads\/2021\/03\/PHOTO-2021-03-24-19-23-42-e1616678548857.jpg\",\"width\":650,\"height\":704},{\"@type\":\"BreadcrumbList\",\"@id\":\"https:\/\/cantineredauno.it\/en\/cantine-re-dauno-partecipa-al-progetto-gal-daunia-rurale-2020\/#breadcrumb\",\"itemListElement\":[{\"@type\":\"ListItem\",\"position\":1,\"name\":\"Home\",\"item\":\"https:\/\/cantineredauno.it\/en\/home\/\"},{\"@type\":\"ListItem\",\"position\":2,\"name\":\"Cantine Re Dauno partecipa al progetto GAL DAUNIA RURALE 2020\"}]},{\"@type\":\"WebSite\",\"@id\":\"https:\/\/cantineredauno.it\/en\/#website\",\"url\":\"https:\/\/cantineredauno.it\/en\/\",\"name\":\"Cantine Re Dauno\",\"description\":\"\",\"publisher\":{\"@id\":\"https:\/\/cantineredauno.it\/en\/#organization\"},\"alternateName\":\"Spumante Metodo Classico Re Dauno San Severo\",\"potentialAction\":[{\"@type\":\"SearchAction\",\"target\":{\"@type\":\"EntryPoint\",\"urlTemplate\":\"https:\/\/cantineredauno.it\/en\/?s={search_term_string}\"},\"query-input\":{\"@type\":\"PropertyValueSpecification\",\"valueRequired\":true,\"valueName\":\"search_term_string\"}}],\"inLanguage\":\"en-GB\"},{\"@type\":\"Organization\",\"@id\":\"https:\/\/cantineredauno.it\/en\/#organization\",\"name\":\"Re Dauno Winery\",\"alternateName\":\"Cantine Re Dauno\",\"url\":\"https:\/\/cantineredauno.it\/en\/\",\"logo\":{\"@type\":\"ImageObject\",\"inLanguage\":\"en-GB\",\"@id\":\"https:\/\/cantineredauno.it\/en\/#\/schema\/logo\/image\/\",\"url\":\"https:\/\/cantineredauno.it\/wp-content\/uploads\/2021\/03\/logo-re-dauno.svg\",\"contentUrl\":\"https:\/\/cantineredauno.it\/wp-content\/uploads\/2021\/03\/logo-re-dauno.svg\",\"width\":136,\"height\":141,\"caption\":\"Re Dauno Winery\"},\"image\":{\"@id\":\"https:\/\/cantineredauno.it\/en\/#\/schema\/logo\/image\/\"},\"sameAs\":[\"https:\/\/www.facebook.com\/CANTINEREDAUNO\",\"https:\/\/www.instagram.com\/cantineredauno\/\"],\"description\":\"Nel cuore di San Severo, nei suggestivi sotterranei di un palazzo del 1927, Angelina e Francesco hanno trasformato un sogno in realt\u00e0: dar vita a una cantina dove la passione per il Metodo Classico incontra la ricchezza dei vitigni autoctoni della Daunia. Nascono cos\u00ec spumanti eleganti e autentici, espressione sincera di un territorio che sorprende e conquista. Bombino Bianco, Nero di Troia, Falanghina\u2026 ogni calice racconta una storia fatta di tradizione, innovazione e amore per la propria terra.\",\"email\":\"info@cantineredauno.it\",\"telephone\":\"+39 0882 601141\",\"vatID\":\"04178370716\",\"hasMerchantReturnPolicy\":{\"@type\":\"MerchantReturnPolicy\",\"merchantReturnLink\":\"https:\/\/cantineredauno.it\/resi\/\"}},{\"@type\":\"Person\",\"@id\":\"https:\/\/cantineredauno.it\/en\/#\/schema\/person\/0d9f81fe1e96602da34f5a080e475d29\",\"name\":\"admin\",\"image\":{\"@type\":\"ImageObject\",\"inLanguage\":\"en-GB\",\"@id\":\"https:\/\/cantineredauno.it\/en\/#\/schema\/person\/image\/\",\"url\":\"https:\/\/secure.gravatar.com\/avatar\/af393e4c75a7db70664cc1f1f586f6ae3e750fd1b8bc951d8554fbfa5db26fc3?s=96&d=mm&r=g\",\"contentUrl\":\"https:\/\/secure.gravatar.com\/avatar\/af393e4c75a7db70664cc1f1f586f6ae3e750fd1b8bc951d8554fbfa5db26fc3?s=96&d=mm&r=g\",\"caption\":\"admin\"}}]}<\/script>\n<!-- \/ Yoast SEO Premium plugin. -->","yoast_head_json":{"title":"Cantine Re Dauno partecipa al progetto GAL DAUNIA RURALE 2020 - Re Dauno Winery","robots":{"index":"index","follow":"follow","max-snippet":"max-snippet:-1","max-image-preview":"max-image-preview:large","max-video-preview":"max-video-preview:-1"},"canonical":"https:\/\/cantineredauno.it\/en\/cantine-re-dauno-partecipa-al-progetto-gal-daunia-rurale-2020\/","og_locale":"en_GB","og_type":"article","og_title":"Cantine Re Dauno partecipa al progetto GAL DAUNIA RURALE 2020","og_url":"https:\/\/cantineredauno.it\/en\/cantine-re-dauno-partecipa-al-progetto-gal-daunia-rurale-2020\/","og_site_name":"Re Dauno Winery","article_publisher":"https:\/\/www.facebook.com\/CANTINEREDAUNO","article_published_time":"2024-02-13T12:01:48+00:00","og_image":[{"width":650,"height":704,"url":"https:\/\/cantineredauno.it\/wp-content\/uploads\/2021\/03\/PHOTO-2021-03-24-19-23-42-e1616678548857.jpg","type":"image\/jpeg"}],"author":"admin","twitter_card":"summary_large_image","twitter_misc":{"Written by":"admin","Estimated reading time":"3 minutes"},"schema":{"@context":"https:\/\/schema.org","@graph":[{"@type":"Article","@id":"https:\/\/cantineredauno.it\/en\/cantine-re-dauno-partecipa-al-progetto-gal-daunia-rurale-2020\/#article","isPartOf":{"@id":"https:\/\/cantineredauno.it\/en\/cantine-re-dauno-partecipa-al-progetto-gal-daunia-rurale-2020\/"},"author":{"name":"admin","@id":"https:\/\/cantineredauno.it\/en\/#\/schema\/person\/0d9f81fe1e96602da34f5a080e475d29"},"headline":"Cantine Re Dauno partecipa al progetto GAL DAUNIA RURALE 2020","datePublished":"2024-02-13T12:01:48+00:00","mainEntityOfPage":{"@id":"https:\/\/cantineredauno.it\/en\/cantine-re-dauno-partecipa-al-progetto-gal-daunia-rurale-2020\/"},"wordCount":505,"publisher":{"@id":"https:\/\/cantineredauno.it\/en\/#organization"},"image":{"@id":"https:\/\/cantineredauno.it\/en\/cantine-re-dauno-partecipa-al-progetto-gal-daunia-rurale-2020\/#primaryimage"},"thumbnailUrl":"https:\/\/cantineredauno.it\/wp-content\/uploads\/2021\/03\/PHOTO-2021-03-24-19-23-42-e1616678548857.jpg","articleSection":["ABOUT US"],"inLanguage":"en-GB"},{"@type":"WebPage","@id":"https:\/\/cantineredauno.it\/en\/cantine-re-dauno-partecipa-al-progetto-gal-daunia-rurale-2020\/","url":"https:\/\/cantineredauno.it\/en\/cantine-re-dauno-partecipa-al-progetto-gal-daunia-rurale-2020\/","name":"Cantine Re Dauno partecipa al progetto GAL DAUNIA RURALE 2020 - Re Dauno Winery","isPartOf":{"@id":"https:\/\/cantineredauno.it\/en\/#website"},"primaryImageOfPage":{"@id":"https:\/\/cantineredauno.it\/en\/cantine-re-dauno-partecipa-al-progetto-gal-daunia-rurale-2020\/#primaryimage"},"image":{"@id":"https:\/\/cantineredauno.it\/en\/cantine-re-dauno-partecipa-al-progetto-gal-daunia-rurale-2020\/#primaryimage"},"thumbnailUrl":"https:\/\/cantineredauno.it\/wp-content\/uploads\/2021\/03\/PHOTO-2021-03-24-19-23-42-e1616678548857.jpg","datePublished":"2024-02-13T12:01:48+00:00","breadcrumb":{"@id":"https:\/\/cantineredauno.it\/en\/cantine-re-dauno-partecipa-al-progetto-gal-daunia-rurale-2020\/#breadcrumb"},"inLanguage":"en-GB","potentialAction":[{"@type":"ReadAction","target":["https:\/\/cantineredauno.it\/en\/cantine-re-dauno-partecipa-al-progetto-gal-daunia-rurale-2020\/"]}]},{"@type":"ImageObject","inLanguage":"en-GB","@id":"https:\/\/cantineredauno.it\/en\/cantine-re-dauno-partecipa-al-progetto-gal-daunia-rurale-2020\/#primaryimage","url":"https:\/\/cantineredauno.it\/wp-content\/uploads\/2021\/03\/PHOTO-2021-03-24-19-23-42-e1616678548857.jpg","contentUrl":"https:\/\/cantineredauno.it\/wp-content\/uploads\/2021\/03\/PHOTO-2021-03-24-19-23-42-e1616678548857.jpg","width":650,"height":704},{"@type":"BreadcrumbList","@id":"https:\/\/cantineredauno.it\/en\/cantine-re-dauno-partecipa-al-progetto-gal-daunia-rurale-2020\/#breadcrumb","itemListElement":[{"@type":"ListItem","position":1,"name":"Home","item":"https:\/\/cantineredauno.it\/en\/home\/"},{"@type":"ListItem","position":2,"name":"Cantine Re Dauno partecipa al progetto GAL DAUNIA RURALE 2020"}]},{"@type":"WebSite","@id":"https:\/\/cantineredauno.it\/en\/#website","url":"https:\/\/cantineredauno.it\/en\/","name":"Cantine Re Dauno","description":"","publisher":{"@id":"https:\/\/cantineredauno.it\/en\/#organization"},"alternateName":"Spumante Metodo Classico Re Dauno San Severo","potentialAction":[{"@type":"SearchAction","target":{"@type":"EntryPoint","urlTemplate":"https:\/\/cantineredauno.it\/en\/?s={search_term_string}"},"query-input":{"@type":"PropertyValueSpecification","valueRequired":true,"valueName":"search_term_string"}}],"inLanguage":"en-GB"},{"@type":"Organization","@id":"https:\/\/cantineredauno.it\/en\/#organization","name":"Re Dauno Winery","alternateName":"Cantine Re Dauno","url":"https:\/\/cantineredauno.it\/en\/","logo":{"@type":"ImageObject","inLanguage":"en-GB","@id":"https:\/\/cantineredauno.it\/en\/#\/schema\/logo\/image\/","url":"https:\/\/cantineredauno.it\/wp-content\/uploads\/2021\/03\/logo-re-dauno.svg","contentUrl":"https:\/\/cantineredauno.it\/wp-content\/uploads\/2021\/03\/logo-re-dauno.svg","width":136,"height":141,"caption":"Re Dauno Winery"},"image":{"@id":"https:\/\/cantineredauno.it\/en\/#\/schema\/logo\/image\/"},"sameAs":["https:\/\/www.facebook.com\/CANTINEREDAUNO","https:\/\/www.instagram.com\/cantineredauno\/"],"description":"Nel cuore di San Severo, nei suggestivi sotterranei di un palazzo del 1927, Angelina e Francesco hanno trasformato un sogno in realt\u00e0: dar vita a una cantina dove la passione per il Metodo Classico incontra la ricchezza dei vitigni autoctoni della Daunia. Nascono cos\u00ec spumanti eleganti e autentici, espressione sincera di un territorio che sorprende e conquista. Bombino Bianco, Nero di Troia, Falanghina\u2026 ogni calice racconta una storia fatta di tradizione, innovazione e amore per la propria terra.","email":"info@cantineredauno.it","telephone":"+39 0882 601141","vatID":"04178370716","hasMerchantReturnPolicy":{"@type":"MerchantReturnPolicy","merchantReturnLink":"https:\/\/cantineredauno.it\/resi\/"}},{"@type":"Person","@id":"https:\/\/cantineredauno.it\/en\/#\/schema\/person\/0d9f81fe1e96602da34f5a080e475d29","name":"admin","image":{"@type":"ImageObject","inLanguage":"en-GB","@id":"https:\/\/cantineredauno.it\/en\/#\/schema\/person\/image\/","url":"https:\/\/secure.gravatar.com\/avatar\/af393e4c75a7db70664cc1f1f586f6ae3e750fd1b8bc951d8554fbfa5db26fc3?s=96&d=mm&r=g","contentUrl":"https:\/\/secure.gravatar.com\/avatar\/af393e4c75a7db70664cc1f1f586f6ae3e750fd1b8bc951d8554fbfa5db26fc3?s=96&d=mm&r=g","caption":"admin"}}]}},"lang":"en","translations":{"en":3582,"it":2963,"de":3963},"_links":{"self":[{"href":"https:\/\/cantineredauno.it\/en\/wp-json\/wp\/v2\/posts\/3582","targetHints":{"allow":["GET"]}}],"collection":[{"href":"https:\/\/cantineredauno.it\/en\/wp-json\/wp\/v2\/posts"}],"about":[{"href":"https:\/\/cantineredauno.it\/en\/wp-json\/wp\/v2\/types\/post"}],"author":[{"embeddable":true,"href":"https:\/\/cantineredauno.it\/en\/wp-json\/wp\/v2\/users\/1"}],"replies":[{"embeddable":true,"href":"https:\/\/cantineredauno.it\/en\/wp-json\/wp\/v2\/comments?post=3582"}],"version-history":[{"count":1,"href":"https:\/\/cantineredauno.it\/en\/wp-json\/wp\/v2\/posts\/3582\/revisions"}],"predecessor-version":[{"id":3583,"href":"https:\/\/cantineredauno.it\/en\/wp-json\/wp\/v2\/posts\/3582\/revisions\/3583"}],"wp:featuredmedia":[{"embeddable":true,"href":"https:\/\/cantineredauno.it\/en\/wp-json\/wp\/v2\/media\/3126"}],"wp:attachment":[{"href":"https:\/\/cantineredauno.it\/en\/wp-json\/wp\/v2\/media?parent=3582"}],"wp:term":[{"taxonomy":"category","embeddable":true,"href":"https:\/\/cantineredauno.it\/en\/wp-json\/wp\/v2\/categories?post=3582"},{"taxonomy":"post_tag","embeddable":true,"href":"https:\/\/cantineredauno.it\/en\/wp-json\/wp\/v2\/tags?post=3582"}],"curies":[{"name":"wp","href":"https:\/\/api.w.org\/{rel}","templated":true}]}}